{"id":694,"date":"2021-02-03T16:34:36","date_gmt":"2021-02-03T15:34:36","guid":{"rendered":"https:\/\/bilhandel.dk\/blog\/?p=694"},"modified":"2021-02-03T16:34:36","modified_gmt":"2021-02-03T15:34:36","slug":"har-du-klargjort-din-bil-til-vinteren","status":"publish","type":"post","link":"https:\/\/bilhandel.dk\/blog\/har-du-klargjort-din-bil-til-vinteren\/","title":{"rendered":"Har du klargjort din bil til vinteren?"},"content":{"rendered":"<p><em>Mange bilister kommer alt for sent i gang med at forberede deres bil til vinterm\u00e5nederne. Har du selv st\u00e5et i den situation, eller vil du gerne undg\u00e5 det? Her f\u00e5r du tips til, hvad du som bilist skal v\u00e6re opm\u00e6rksom p\u00e5, n\u00e5r vinteren st\u00e5r for d\u00f8ren. <\/em><\/p>\n<p>De danske vintre kan v\u00e6re lunefulde, og vejret kan p\u00e5 f\u00e5 dage svinge mellem at virke som et forl\u00e6nget efter\u00e5r, til r\u00e5kold vinter med is og sne.<\/p>\n<p>Det betyder ogs\u00e5, at du som bilist ikke har lang tid til at reagere, hvis vejret pludselig skifter, og du endnu ikke har gjort din bil klar til vinteren.<\/p>\n<p>Det er derfor en god id\u00e9, at du forbereder din bil, inden det kolde vejr for alvor tager fat.<\/p>\n<p>&nbsp;<\/p>\n<h2>Undg\u00e5 at ende i trafikproblemer<\/h2>\n<p>At klarg\u00f8re din bil til vinteren betyder ikke kun, at du holder din bil i god stand, det kan ogs\u00e5 have sikkerhedsm\u00e6ssige konsekvenser, hvis din bil ikke kan k\u00f8re forsvarligt p\u00e5 de kolde og glatte veje.<\/p>\n<p>Hos SOS Dansk Autohj\u00e6lp hj\u00e6lper man hvert \u00e5r et stort antal bilister, som er blevet overrasket af vinterens komme og her er beskeden klar:<\/p>\n<p><em>Det kommer bag p\u00e5 mange bilister, n\u00e5r vejret skifter og frosten for alvor melder sin ankomst. P\u00e5 de f\u00f8rste frysende dage f\u00e5r vi hvert \u00e5r opkald fra bilister med flade batterier og p\u00e5 sommerd\u00e6k<\/em>, siger vagtcentralchef Anette Bj\u00f8rn Juncher, SOS Dansk Autohj\u00e6lp.<\/p>\n<p>&nbsp;<\/p>\n<h2>Husk dette n\u00e5r du klarg\u00f8r din bil<\/h2>\n<p>En af de hyppigste \u00e5rsager til, at bilister f\u00e5r brug for <a href=\"https:\/\/www.dah.dk\/\">vejhj\u00e6lp<\/a> i vinterm\u00e5nederne, er flade bilbatterier.<\/p>\n<p>N\u00e5r temperaturen falder, s\u00e5 forringes bilbatteriets kapacitet. Det er derfor en rigtig god id\u00e9 at f\u00e5 tjekket sit bilbatteri p\u00e5 et v\u00e6rksted, inden vinteren for alvor s\u00e6tter ind.<\/p>\n<p>En anden \u00e5rsag til at bilister kommer i problemer i vinterm\u00e5nederne er, at de f\u00e5r skiftet til vinterd\u00e6k alt for sent. N\u00e5r f\u00f8rst kulden s\u00e6tter ind, og det er frostgrader p\u00e5 vejene, kan det v\u00e6re et stort problem for trafiksikkerheden, at bilister k\u00f8rer rundt p\u00e5 sommerd\u00e6k.<\/p>\n<p>S\u00f8rg derfor for at f\u00e5 skiftet til vinterd\u00e6k i god tid \u2013 b\u00e5de for din egen og dine medtrafikanters skyld.<\/p>\n<p>Det er ogs\u00e5 vigtigt, at dine lygter og andet udstyr p\u00e5 bilen virker korrekt. En m\u00f8rk dag med sne og slud, kan g\u00f8re det sv\u00e6rt at se andre biler, hvis deres baglygter er beskidte.<\/p>\n<p>Disse er nogle af de problemer, som bilister ofte kommer ud for, men det vil ogs\u00e5 v\u00e6re fordelagtigt, hvis du t\u00e6nker over f\u00f8lgende:<\/p>\n<ul>\n<li>S\u00f8rg for at skifte til frostsikret sprinklerv\u00e6ske.<\/li>\n<li>Tjek om k\u00f8lerv\u00e6sken er frostsikret.<\/li>\n<li>Reng\u00f8r og sm\u00f8r gummilisterne ved d\u00f8rene med silikone.<\/li>\n<li>Tjek fatningen p\u00e5 dine vinduesviskere.<\/li>\n<li>Giv bill\u00e5sene l\u00e5seolie, s\u00e5 de ikke fryser til.<\/li>\n<li>S\u00f8rg for at medbringe sneskovl, t\u00e6pper og varmt t\u00f8j i bilen.<\/li>\n<\/ul>\n<p>&nbsp;<\/p>\n<p>Har du gjort alle disse ting, s\u00e5 er du godt forberedt til bilk\u00f8rsel om vinteren, og du beh\u00f8ver ikke bekymre dig om, at vejret pludselig sl\u00e5r om.<\/p>\n","protected":false},"excerpt":{"rendered":"Mange bilister kommer alt for sent i gang med at forberede deres bil til vinterm\u00e5nederne. Har du selv st\u00e5et i den situation, eller vil du gerne undg\u00e5 det? Her f\u00e5r du tips til, hvad du som bilist skal v\u00e6re opm\u00e6rksom p\u00e5, n\u00e5r vinteren st\u00e5r for d\u00f8ren. De danske vintre kan&hellip;\n","protected":false},"author":5,"featured_media":695,"comment_status":"closed","ping_status":"closed","sticky":false,"template":"","format":"standard","meta":{"footnotes":""},"categories":[1],"tags":[],"class_list":["post-694","post","type-post","status-publish","format-standard","has-post-thumbnail","hentry","category-ikke-kategoriseret"],"yoast_head":"<!-- This site is optimized with the Yoast SEO plugin v27.4 - https:\/\/yoast.com\/product\/yoast-seo-wordpress\/ -->\n<title>Har du klargjort din bil til vinteren? - BilHandel.dk<\/title>\n<meta name=\"robots\" content=\"index, follow, max-snippet:-1, max-image-preview:large, max-video-preview:-1\" \/>\n<link rel=\"canonical\" href=\"https:\/\/bilhandel.dk\/blog\/har-du-klargjort-din-bil-til-vinteren\/\" \/>\n<meta property=\"og:locale\" content=\"da_DK\" \/>\n<meta property=\"og:type\" content=\"article\" \/>\n<meta property=\"og:title\" content=\"Har du klargjort din bil til vinteren? - BilHandel.dk\" \/>\n<meta property=\"og:description\" content=\"Mange bilister kommer alt for sent i gang med at forberede deres bil til vinterm\u00e5nederne. Har du selv st\u00e5et i den situation, eller vil du gerne undg\u00e5 det? Her f\u00e5r du tips til, hvad du som bilist skal v\u00e6re opm\u00e6rksom p\u00e5, n\u00e5r vinteren st\u00e5r for d\u00f8ren. De danske vintre kan&hellip;\" \/>\n<meta property=\"og:url\" content=\"https:\/\/bilhandel.dk\/blog\/har-du-klargjort-din-bil-til-vinteren\/\" \/>\n<meta property=\"og:site_name\" content=\"BilHandel.dk\" \/>\n<meta property=\"article:published_time\" content=\"2021-02-03T15:34:36+00:00\" \/>\n<meta property=\"og:image\" content=\"https:\/\/bilhandel.dk\/blog\/wp-content\/uploads\/2021\/02\/bilhandel.dk_-scaled.jpg\" \/>\n\t<meta property=\"og:image:width\" content=\"2560\" \/>\n\t<meta property=\"og:image:height\" content=\"1696\" \/>\n\t<meta property=\"og:image:type\" content=\"image\/jpeg\" \/>\n<meta name=\"author\" content=\"Redaktionen\" \/>\n<meta name=\"twitter:card\" content=\"summary_large_image\" \/>\n<meta name=\"twitter:label1\" content=\"Skrevet af\" \/>\n\t<meta name=\"twitter:data1\" content=\"Redaktionen\" \/>\n\t<meta name=\"twitter:label2\" content=\"Estimeret l\u00e6setid\" \/>\n\t<meta name=\"twitter:data2\" content=\"3 minutter\" \/>\n<script type=\"application\/ld+json\" class=\"yoast-schema-graph\">{\"@context\":\"https:\\\/\\\/schema.org\",\"@graph\":[{\"@type\":\"Article\",\"@id\":\"https:\\\/\\\/bilhandel.dk\\\/blog\\\/har-du-klargjort-din-bil-til-vinteren\\\/#article\",\"isPartOf\":{\"@id\":\"https:\\\/\\\/bilhandel.dk\\\/blog\\\/har-du-klargjort-din-bil-til-vinteren\\\/\"},\"author\":{\"name\":\"Redaktionen\",\"@id\":\"https:\\\/\\\/bilhandel.dk\\\/blog\\\/#\\\/schema\\\/person\\\/60be088324ef7d03002fc704e87eff02\"},\"headline\":\"Har du klargjort din bil til vinteren?\",\"datePublished\":\"2021-02-03T15:34:36+00:00\",\"mainEntityOfPage\":{\"@id\":\"https:\\\/\\\/bilhandel.dk\\\/blog\\\/har-du-klargjort-din-bil-til-vinteren\\\/\"},\"wordCount\":547,\"publisher\":{\"@id\":\"https:\\\/\\\/bilhandel.dk\\\/blog\\\/#organization\"},\"image\":{\"@id\":\"https:\\\/\\\/bilhandel.dk\\\/blog\\\/har-du-klargjort-din-bil-til-vinteren\\\/#primaryimage\"},\"thumbnailUrl\":\"https:\\\/\\\/bilhandel.dk\\\/blog\\\/wp-content\\\/uploads\\\/2021\\\/02\\\/bilhandel.dk_-scaled.jpg\",\"inLanguage\":\"da-DK\"},{\"@type\":\"WebPage\",\"@id\":\"https:\\\/\\\/bilhandel.dk\\\/blog\\\/har-du-klargjort-din-bil-til-vinteren\\\/\",\"url\":\"https:\\\/\\\/bilhandel.dk\\\/blog\\\/har-du-klargjort-din-bil-til-vinteren\\\/\",\"name\":\"Har du klargjort din bil til vinteren? - BilHandel.dk\",\"isPartOf\":{\"@id\":\"https:\\\/\\\/bilhandel.dk\\\/blog\\\/#website\"},\"primaryImageOfPage\":{\"@id\":\"https:\\\/\\\/bilhandel.dk\\\/blog\\\/har-du-klargjort-din-bil-til-vinteren\\\/#primaryimage\"},\"image\":{\"@id\":\"https:\\\/\\\/bilhandel.dk\\\/blog\\\/har-du-klargjort-din-bil-til-vinteren\\\/#primaryimage\"},\"thumbnailUrl\":\"https:\\\/\\\/bilhandel.dk\\\/blog\\\/wp-content\\\/uploads\\\/2021\\\/02\\\/bilhandel.dk_-scaled.jpg\",\"datePublished\":\"2021-02-03T15:34:36+00:00\",\"breadcrumb\":{\"@id\":\"https:\\\/\\\/bilhandel.dk\\\/blog\\\/har-du-klargjort-din-bil-til-vinteren\\\/#breadcrumb\"},\"inLanguage\":\"da-DK\",\"potentialAction\":[{\"@type\":\"ReadAction\",\"target\":[\"https:\\\/\\\/bilhandel.dk\\\/blog\\\/har-du-klargjort-din-bil-til-vinteren\\\/\"]}]},{\"@type\":\"ImageObject\",\"inLanguage\":\"da-DK\",\"@id\":\"https:\\\/\\\/bilhandel.dk\\\/blog\\\/har-du-klargjort-din-bil-til-vinteren\\\/#primaryimage\",\"url\":\"https:\\\/\\\/bilhandel.dk\\\/blog\\\/wp-content\\\/uploads\\\/2021\\\/02\\\/bilhandel.dk_-scaled.jpg\",\"contentUrl\":\"https:\\\/\\\/bilhandel.dk\\\/blog\\\/wp-content\\\/uploads\\\/2021\\\/02\\\/bilhandel.dk_-scaled.jpg\",\"width\":2560,\"height\":1696},{\"@type\":\"BreadcrumbList\",\"@id\":\"https:\\\/\\\/bilhandel.dk\\\/blog\\\/har-du-klargjort-din-bil-til-vinteren\\\/#breadcrumb\",\"itemListElement\":[{\"@type\":\"ListItem\",\"position\":1,\"name\":\"Hjem\",\"item\":\"https:\\\/\\\/bilhandel.dk\\\/blog\\\/\"},{\"@type\":\"ListItem\",\"position\":2,\"name\":\"Har du klargjort din bil til vinteren?\"}]},{\"@type\":\"WebSite\",\"@id\":\"https:\\\/\\\/bilhandel.dk\\\/blog\\\/#website\",\"url\":\"https:\\\/\\\/bilhandel.dk\\\/blog\\\/\",\"name\":\"BilHandel.dk\",\"description\":\"\",\"publisher\":{\"@id\":\"https:\\\/\\\/bilhandel.dk\\\/blog\\\/#organization\"},\"potentialAction\":[{\"@type\":\"SearchAction\",\"target\":{\"@type\":\"EntryPoint\",\"urlTemplate\":\"https:\\\/\\\/bilhandel.dk\\\/blog\\\/?s={search_term_string}\"},\"query-input\":{\"@type\":\"PropertyValueSpecification\",\"valueRequired\":true,\"valueName\":\"search_term_string\"}}],\"inLanguage\":\"da-DK\"},{\"@type\":\"Organization\",\"@id\":\"https:\\\/\\\/bilhandel.dk\\\/blog\\\/#organization\",\"name\":\"BilHandel.dk\",\"url\":\"https:\\\/\\\/bilhandel.dk\\\/blog\\\/\",\"logo\":{\"@type\":\"ImageObject\",\"inLanguage\":\"da-DK\",\"@id\":\"https:\\\/\\\/bilhandel.dk\\\/blog\\\/#\\\/schema\\\/logo\\\/image\\\/\",\"url\":\"https:\\\/\\\/bilhandel.dk\\\/blog\\\/wp-content\\\/uploads\\\/2018\\\/04\\\/cropped-bilhandel-logo1.png\",\"contentUrl\":\"https:\\\/\\\/bilhandel.dk\\\/blog\\\/wp-content\\\/uploads\\\/2018\\\/04\\\/cropped-bilhandel-logo1.png\",\"width\":342,\"height\":60,\"caption\":\"BilHandel.dk\"},\"image\":{\"@id\":\"https:\\\/\\\/bilhandel.dk\\\/blog\\\/#\\\/schema\\\/logo\\\/image\\\/\"}},{\"@type\":\"Person\",\"@id\":\"https:\\\/\\\/bilhandel.dk\\\/blog\\\/#\\\/schema\\\/person\\\/60be088324ef7d03002fc704e87eff02\",\"name\":\"Redaktionen\",\"url\":\"https:\\\/\\\/bilhandel.dk\\\/blog\\\/author\\\/blogmaster\\\/\"}]}<\/script>\n<!-- \/ Yoast SEO plugin. -->","yoast_head_json":{"title":"Har du klargjort din bil til vinteren? - BilHandel.dk","robots":{"index":"index","follow":"follow","max-snippet":"max-snippet:-1","max-image-preview":"max-image-preview:large","max-video-preview":"max-video-preview:-1"},"canonical":"https:\/\/bilhandel.dk\/blog\/har-du-klargjort-din-bil-til-vinteren\/","og_locale":"da_DK","og_type":"article","og_title":"Har du klargjort din bil til vinteren? - BilHandel.dk","og_description":"Mange bilister kommer alt for sent i gang med at forberede deres bil til vinterm\u00e5nederne. Har du selv st\u00e5et i den situation, eller vil du gerne undg\u00e5 det? Her f\u00e5r du tips til, hvad du som bilist skal v\u00e6re opm\u00e6rksom p\u00e5, n\u00e5r vinteren st\u00e5r for d\u00f8ren. De danske vintre kan&hellip;","og_url":"https:\/\/bilhandel.dk\/blog\/har-du-klargjort-din-bil-til-vinteren\/","og_site_name":"BilHandel.dk","article_published_time":"2021-02-03T15:34:36+00:00","og_image":[{"width":2560,"height":1696,"url":"https:\/\/bilhandel.dk\/blog\/wp-content\/uploads\/2021\/02\/bilhandel.dk_-scaled.jpg","type":"image\/jpeg"}],"author":"Redaktionen","twitter_card":"summary_large_image","twitter_misc":{"Skrevet af":"Redaktionen","Estimeret l\u00e6setid":"3 minutter"},"schema":{"@context":"https:\/\/schema.org","@graph":[{"@type":"Article","@id":"https:\/\/bilhandel.dk\/blog\/har-du-klargjort-din-bil-til-vinteren\/#article","isPartOf":{"@id":"https:\/\/bilhandel.dk\/blog\/har-du-klargjort-din-bil-til-vinteren\/"},"author":{"name":"Redaktionen","@id":"https:\/\/bilhandel.dk\/blog\/#\/schema\/person\/60be088324ef7d03002fc704e87eff02"},"headline":"Har du klargjort din bil til vinteren?","datePublished":"2021-02-03T15:34:36+00:00","mainEntityOfPage":{"@id":"https:\/\/bilhandel.dk\/blog\/har-du-klargjort-din-bil-til-vinteren\/"},"wordCount":547,"publisher":{"@id":"https:\/\/bilhandel.dk\/blog\/#organization"},"image":{"@id":"https:\/\/bilhandel.dk\/blog\/har-du-klargjort-din-bil-til-vinteren\/#primaryimage"},"thumbnailUrl":"https:\/\/bilhandel.dk\/blog\/wp-content\/uploads\/2021\/02\/bilhandel.dk_-scaled.jpg","inLanguage":"da-DK"},{"@type":"WebPage","@id":"https:\/\/bilhandel.dk\/blog\/har-du-klargjort-din-bil-til-vinteren\/","url":"https:\/\/bilhandel.dk\/blog\/har-du-klargjort-din-bil-til-vinteren\/","name":"Har du klargjort din bil til vinteren? - BilHandel.dk","isPartOf":{"@id":"https:\/\/bilhandel.dk\/blog\/#website"},"primaryImageOfPage":{"@id":"https:\/\/bilhandel.dk\/blog\/har-du-klargjort-din-bil-til-vinteren\/#primaryimage"},"image":{"@id":"https:\/\/bilhandel.dk\/blog\/har-du-klargjort-din-bil-til-vinteren\/#primaryimage"},"thumbnailUrl":"https:\/\/bilhandel.dk\/blog\/wp-content\/uploads\/2021\/02\/bilhandel.dk_-scaled.jpg","datePublished":"2021-02-03T15:34:36+00:00","breadcrumb":{"@id":"https:\/\/bilhandel.dk\/blog\/har-du-klargjort-din-bil-til-vinteren\/#breadcrumb"},"inLanguage":"da-DK","potentialAction":[{"@type":"ReadAction","target":["https:\/\/bilhandel.dk\/blog\/har-du-klargjort-din-bil-til-vinteren\/"]}]},{"@type":"ImageObject","inLanguage":"da-DK","@id":"https:\/\/bilhandel.dk\/blog\/har-du-klargjort-din-bil-til-vinteren\/#primaryimage","url":"https:\/\/bilhandel.dk\/blog\/wp-content\/uploads\/2021\/02\/bilhandel.dk_-scaled.jpg","contentUrl":"https:\/\/bilhandel.dk\/blog\/wp-content\/uploads\/2021\/02\/bilhandel.dk_-scaled.jpg","width":2560,"height":1696},{"@type":"BreadcrumbList","@id":"https:\/\/bilhandel.dk\/blog\/har-du-klargjort-din-bil-til-vinteren\/#breadcrumb","itemListElement":[{"@type":"ListItem","position":1,"name":"Hjem","item":"https:\/\/bilhandel.dk\/blog\/"},{"@type":"ListItem","position":2,"name":"Har du klargjort din bil til vinteren?"}]},{"@type":"WebSite","@id":"https:\/\/bilhandel.dk\/blog\/#website","url":"https:\/\/bilhandel.dk\/blog\/","name":"BilHandel.dk","description":"","publisher":{"@id":"https:\/\/bilhandel.dk\/blog\/#organization"},"potentialAction":[{"@type":"SearchAction","target":{"@type":"EntryPoint","urlTemplate":"https:\/\/bilhandel.dk\/blog\/?s={search_term_string}"},"query-input":{"@type":"PropertyValueSpecification","valueRequired":true,"valueName":"search_term_string"}}],"inLanguage":"da-DK"},{"@type":"Organization","@id":"https:\/\/bilhandel.dk\/blog\/#organization","name":"BilHandel.dk","url":"https:\/\/bilhandel.dk\/blog\/","logo":{"@type":"ImageObject","inLanguage":"da-DK","@id":"https:\/\/bilhandel.dk\/blog\/#\/schema\/logo\/image\/","url":"https:\/\/bilhandel.dk\/blog\/wp-content\/uploads\/2018\/04\/cropped-bilhandel-logo1.png","contentUrl":"https:\/\/bilhandel.dk\/blog\/wp-content\/uploads\/2018\/04\/cropped-bilhandel-logo1.png","width":342,"height":60,"caption":"BilHandel.dk"},"image":{"@id":"https:\/\/bilhandel.dk\/blog\/#\/schema\/logo\/image\/"}},{"@type":"Person","@id":"https:\/\/bilhandel.dk\/blog\/#\/schema\/person\/60be088324ef7d03002fc704e87eff02","name":"Redaktionen","url":"https:\/\/bilhandel.dk\/blog\/author\/blogmaster\/"}]}},"_links":{"self":[{"href":"https:\/\/bilhandel.dk\/blog\/wp-json\/wp\/v2\/posts\/694","targetHints":{"allow":["GET"]}}],"collection":[{"href":"https:\/\/bilhandel.dk\/blog\/wp-json\/wp\/v2\/posts"}],"about":[{"href":"https:\/\/bilhandel.dk\/blog\/wp-json\/wp\/v2\/types\/post"}],"author":[{"embeddable":true,"href":"https:\/\/bilhandel.dk\/blog\/wp-json\/wp\/v2\/users\/5"}],"replies":[{"embeddable":true,"href":"https:\/\/bilhandel.dk\/blog\/wp-json\/wp\/v2\/comments?post=694"}],"version-history":[{"count":1,"href":"https:\/\/bilhandel.dk\/blog\/wp-json\/wp\/v2\/posts\/694\/revisions"}],"predecessor-version":[{"id":696,"href":"https:\/\/bilhandel.dk\/blog\/wp-json\/wp\/v2\/posts\/694\/revisions\/696"}],"wp:featuredmedia":[{"embeddable":true,"href":"https:\/\/bilhandel.dk\/blog\/wp-json\/wp\/v2\/media\/695"}],"wp:attachment":[{"href":"https:\/\/bilhandel.dk\/blog\/wp-json\/wp\/v2\/media?parent=694"}],"wp:term":[{"taxonomy":"category","embeddable":true,"href":"https:\/\/bilhandel.dk\/blog\/wp-json\/wp\/v2\/categories?post=694"},{"taxonomy":"post_tag","embeddable":true,"href":"https:\/\/bilhandel.dk\/blog\/wp-json\/wp\/v2\/tags?post=694"}],"curies":[{"name":"wp","href":"https:\/\/api.w.org\/{rel}","templated":true}]}}